{"id":571,"date":"2014-05-06T19:43:53","date_gmt":"2014-05-06T19:43:53","guid":{"rendered":"http:\/\/koenigshof-schuby.de\/wordpress\/?p=571"},"modified":"2014-05-06T19:43:53","modified_gmt":"2014-05-06T19:43:53","slug":"28-april-vretti-und-die-kleine-trakehnerin","status":"publish","type":"post","link":"https:\/\/koenigshof-schuby.de\/wordpress\/28-april-vretti-und-die-kleine-trakehnerin\/","title":{"rendered":"28. April &#8211; Vretti und die kleine Trakehnerin"},"content":{"rendered":"<p>Silvretta hat ihr kleines Stutfohlen relativ selbst\u00e4ndig zur Welt gebracht. Die All Inklusive-Tochter ist putzmunter und so eine s\u00fc\u00dfe kleine Maus. Mal gucken, was f\u00fcr eine Karriere der tollen Rappstute bevor steht. (Abstammung: All inclusive &#8211; Gribaldi &#8211; Donauf\u00fcrst)<\/p>\n<p>(Mehr Fotos gibt es beim Klick auf das Bild)<br \/>\n<html><head><link rel=\"stylesheet\" href=\"colorbox.css\" \/>\n        <script src=\"jquery.min.js\"><\/script><br \/>\n        <script src=\"jquery.colorbox-min.js\"><\/script><br \/>\n        <script>jQuery(document).ready(function () {jQuery('a.vretti2014').colorbox();\n            });<\/script><\/head><br \/>\n<body><br \/>\n<a class=\"vretti2014 cboxElement\" style=\"float:left; font-size:0.8em; margin-right:1em\" href=\"http:\/\/www.koenigshof-schuby.de\/Impressionen\/Vretti2014_01.jpg\" rel=\"colorbox[vretti2014]\" title=\"Silvretta und ihr Stutfohlen April 2014\"><img decoding=\"async\" src=\"http:\/\/www.koenigshof-schuby.de\/Impressionen\/Vretti2014_klein.jpg\"\/><br \/>Silvretta und ihr Stutfohlen April 2014<\/a><a class='vretti2014' href='http:\/\/www.koenigshof-schuby.de\/Impressionen\/Vretti2014_02.jpg'rel=\"colorbox[vretti2014]\" title=\"Silvretta und ihr Stutfohlen April 2014\"><\/a><a class='vretti2014' href='http:\/\/www.koenigshof-schuby.de\/Impressionen\/Vretti2014_03.jpg'rel=\"colorbox[vretti2014]\" title=\"Silvretta und ihr Stutfohlen April 2014\"><\/a><a class='vretti2014' href='http:\/\/www.koenigshof-schuby.de\/Impressionen\/Vretti2014_04.jpg'rel=\"colorbox[vretti2014]\" title=\"Silvretta und ihr Stutfohlen April 2014\"><\/a><a class='vretti2014' href='http:\/\/www.koenigshof-schuby.de\/Impressionen\/Vretti2014_05.jpg'rel=\"colorbox[vretti2014]\" title=\"Silvretta und ihr Stutfohlen April 2014\"><\/a><a class='vretti2014' href='http:\/\/www.koenigshof-schuby.de\/Impressionen\/Vretti2014_06.jpg'rel=\"colorbox[vretti2014]\" title=\"Silvretta und ihr Stutfohlen April 2014\"><\/a><a class='vretti2014' href='http:\/\/www.koenigshof-schuby.de\/Impressionen\/Vretti2014_07.jpg'rel=\"colorbox[vretti2014]\" title=\"Silvretta und ihr Stutfohlen April 2014\"><\/a><a class='vretti2014' href='http:\/\/www.koenigshof-schuby.de\/Impressionen\/Vretti2014_08.jpg'rel=\"colorbox[vretti2014]\" title=\"Silvretta und ihr Stutfohlen April 2014\"><\/a><a class='vretti2014' href='http:\/\/www.koenigshof-schuby.de\/Impressionen\/Vretti2014_09.jpg'rel=\"colorbox[vretti2014]\" title=\"Silvretta und ihr Stutfohlen April 2014\"><\/a><a class='vretti2014' href='http:\/\/www.koenigshof-schuby.de\/Impressionen\/Vretti2014_10.jpg'rel=\"colorbox[vretti2014]\" title=\"Silvretta und ihr Stutfohlen April 2014\"><\/a><a class='vretti2014' href='http:\/\/www.koenigshof-schuby.de\/Impressionen\/Vretti2014_11.jpg'rel=\"colorbox[vretti2014]\" title=\"Silvretta und ihr Stutfohlen April 2014\"><\/a><a class='vretti2014' href='http:\/\/www.koenigshof-schuby.de\/Impressionen\/Vretti2014_12.jpg'rel=\"colorbox[vretti2014]\" title=\"Silvretta und ihr Stutfohlen April 2014\"><\/a><a class='vretti2014' href='http:\/\/www.koenigshof-schuby.de\/Impressionen\/Vretti2014_13.jpg'rel=\"colorbox[vretti2014]\" title=\"Silvretta und ihr Stutfohlen April 2014\"><\/a><a class='vretti2014' href='http:\/\/www.koenigshof-schuby.de\/Impressionen\/Vretti2014_14.jpg'rel=\"colorbox[vretti2014]\" title=\"Silvretta und ihr Stutfohlen April 2014\"><\/a><a class='vretti2014' href='http:\/\/www.koenigshof-schuby.de\/Impressionen\/Vretti2014_15.jpg'rel=\"colorbox[vretti2014]\" title=\"Silvretta und ihr Stutfohlen April 2014\"><\/a><a class='vretti2014' href='http:\/\/www.koenigshof-schuby.de\/Impressionen\/Vretti2014_16.jpg'rel=\"colorbox[vretti2014]\" title=\"Silvretta und ihr Stutfohlen April 2014\"><\/a><a class='vretti2014' href='http:\/\/www.koenigshof-schuby.de\/Impressionen\/Vretti2014_17.jpg'rel=\"colorbox[vretti2014]\" title=\"Silvretta und ihr Stutfohlen April 2014\"><\/a><a class='vretti2014' href='http:\/\/www.koenigshof-schuby.de\/Impressionen\/Vretti2014_18.jpg'rel=\"colorbox[vretti2014]\" title=\"Silvretta und ihr Stutfohlen April 2014\"><\/a><a class='vretti2014' href='http:\/\/www.koenigshof-schuby.de\/Impressionen\/Vretti2014_19.jpg'rel=\"colorbox[vretti2014]\" title=\"Silvretta und ihr Stutfohlen April 2014\"><\/a><a class='vretti2014' href='http:\/\/www.koenigshof-schuby.de\/Impressionen\/Vretti2014_20.jpg'rel=\"colorbox[vretti2014]\" title=\"Silvretta und ihr Stutfohlen April 2014\"><\/a><a class='vretti2014' href='http:\/\/www.koenigshof-schuby.de\/Impressionen\/Vretti2014_21.jpg'rel=\"colorbox[vretti2014]\" title=\"Silvretta und ihr Stutfohlen April 2014\"><\/a><a class='vretti2014' href='http:\/\/www.koenigshof-schuby.de\/Impressionen\/Vretti2014_22.jpg'rel=\"colorbox[vretti2014]\" title=\"Silvretta und ihr Stutfohlen April 2014\"><\/a><a class='vretti2014' href='http:\/\/www.koenigshof-schuby.de\/Impressionen\/Vretti2014_23.jpg'rel=\"colorbox[vretti2014]\" title=\"Silvretta und ihr Stutfohlen April 2014\"><\/a><a class='vretti2014' href='http:\/\/www.koenigshof-schuby.de\/Impressionen\/Vretti2014_24.jpg'rel=\"colorbox[vretti2014]\" title=\"Silvretta und ihr Stutfohlen April 2014\"><\/a><a class='vretti2014' href='http:\/\/www.koenigshof-schuby.de\/Impressionen\/Vretti2014_25.jpg'rel=\"colorbox[vretti2014]\" title=\"Silvretta und ihr Stutfohlen April 2014\"><\/a><a class='vretti2014' href='http:\/\/www.koenigshof-schuby.de\/Impressionen\/Vretti2014_26.jpg'rel=\"colorbox[vretti2014]\" title=\"Silvretta und ihr Stutfohlen April 2014\"><\/a><a class='vretti2014' href='http:\/\/www.koenigshof-schuby.de\/Impressionen\/Vretti2014_27.jpg'rel=\"colorbox[vretti2014]\" title=\"Silvretta und ihr Stutfohlen April 2014\"><\/a><a class='vretti2014' href='http:\/\/www.koenigshof-schuby.de\/Impressionen\/Vretti2014_28.jpg'rel=\"colorbox[vretti2014]\" title=\"Silvretta und ihr Stutfohlen April 2014\"><\/a><a class='vretti2014' href='http:\/\/www.koenigshof-schuby.de\/Impressionen\/Vretti2014_29.jpg'rel=\"colorbox[vretti2014]\" title=\"Silvretta und ihr Stutfohlen April 2014\"><\/a><a class='vretti2014' href='http:\/\/www.koenigshof-schuby.de\/Impressionen\/Vretti2014_30.jpg'rel=\"colorbox[vretti2014]\" title=\"Silvretta und ihr Stutfohlen April 2014\"><\/a><\/p>\n","protected":false},"excerpt":{"rendered":"<p>Silvretta hat ihr kleines Stutfohlen relativ selbst\u00e4ndig zur Welt gebracht. Die All Inklusive-Tochter ist putzmunter und so eine s\u00fc\u00dfe kleine Maus. Mal gucken, was f\u00fcr eine Karriere der tollen Rappstute bevor steht. (Abstammung: All inclusive &#8211; Gribaldi &#8211; Donauf\u00fcrst) (Mehr Fotos gibt es beim Klick auf das Bild) Silvretta und ihr Stutfohlen April 2014<\/p>\n","protected":false},"author":1,"featured_media":574,"comment_status":"closed","ping_status":"closed","sticky":false,"template":"","format":"standard","meta":{"footnotes":""},"categories":[1],"tags":[],"class_list":["post-571","post","type-post","status-publish","format-standard","has-post-thumbnail","hentry","category-uncategorized"],"_links":{"self":[{"href":"https:\/\/koenigshof-schuby.de\/wordpress\/wp-json\/wp\/v2\/posts\/571","targetHints":{"allow":["GET"]}}],"collection":[{"href":"https:\/\/koenigshof-schuby.de\/wordpress\/wp-json\/wp\/v2\/posts"}],"about":[{"href":"https:\/\/koenigshof-schuby.de\/wordpress\/wp-json\/wp\/v2\/types\/post"}],"author":[{"embeddable":true,"href":"https:\/\/koenigshof-schuby.de\/wordpress\/wp-json\/wp\/v2\/users\/1"}],"replies":[{"embeddable":true,"href":"https:\/\/koenigshof-schuby.de\/wordpress\/wp-json\/wp\/v2\/comments?post=571"}],"version-history":[{"count":4,"href":"https:\/\/koenigshof-schuby.de\/wordpress\/wp-json\/wp\/v2\/posts\/571\/revisions"}],"predecessor-version":[{"id":576,"href":"https:\/\/koenigshof-schuby.de\/wordpress\/wp-json\/wp\/v2\/posts\/571\/revisions\/576"}],"wp:featuredmedia":[{"embeddable":true,"href":"https:\/\/koenigshof-schuby.de\/wordpress\/wp-json\/wp\/v2\/media\/574"}],"wp:attachment":[{"href":"https:\/\/koenigshof-schuby.de\/wordpress\/wp-json\/wp\/v2\/media?parent=571"}],"wp:term":[{"taxonomy":"category","embeddable":true,"href":"https:\/\/koenigshof-schuby.de\/wordpress\/wp-json\/wp\/v2\/categories?post=571"},{"taxonomy":"post_tag","embeddable":true,"href":"https:\/\/koenigshof-schuby.de\/wordpress\/wp-json\/wp\/v2\/tags?post=571"}],"curies":[{"name":"wp","href":"https:\/\/api.w.org\/{rel}","templated":true}]}}