{"id":447,"date":"2014-02-28T21:14:04","date_gmt":"2014-02-28T21:14:04","guid":{"rendered":"http:\/\/koenigshof-schuby.de\/wordpress\/?p=447"},"modified":"2014-02-28T21:14:04","modified_gmt":"2014-02-28T21:14:04","slug":"26-februar-harald-freispringen","status":"publish","type":"post","link":"https:\/\/koenigshof-schuby.de\/wordpress\/26-februar-harald-freispringen\/","title":{"rendered":"26. Februar &#8211; Harald Freispringen"},"content":{"rendered":"<p>Harald war der n\u00e4chste in der Riege der fleissigen H\u00fcpfer. Jetzt, wo er &#8222;ganz nackig&#8220; ist, springt es sich doch gleich doppelt so gut. Wir freuen uns immer mehr \u00fcber so ein tolles Pony. <\/p>\n<p>(Mehr Fotos gibt es beim Klick auf das Bild)<br \/>\n<html><head><link rel=\"stylesheet\" href=\"colorbox.css\" \/>\n        <script src=\"jquery.min.js\"><\/script><br \/>\n        <script src=\"jquery.colorbox-min.js\"><\/script><br \/>\n        <script>jQuery(document).ready(function () {jQuery('a.harald3februar2014').colorbox();\n            });<\/script><\/head><br \/>\n<body><br \/>\n<a class=\"harald3februar2014 cboxElement\" style=\"float:left; font-size:0.8em; margin-right:1em\" href=\"http:\/\/www.koenigshof-schuby.de\/Impressionen\/Harald3Februar2014_01.jpg\" rel=\"colorbox[harald3februar2014]\" title=\"Harald Februar 2014\"><img decoding=\"async\" src=\"http:\/\/www.koenigshof-schuby.de\/Impressionen\/Harald3Februar2014_klein.jpg\"\/><br \/>Harald Februar 2014<\/a><a class='harald3februar2014' href='http:\/\/www.koenigshof-schuby.de\/Impressionen\/Harald3Februar2014_02.jpg'rel=\"colorbox[harald3februar2014]\" title=\"Harald Februar 2014\"><\/a><a class='harald3februar2014' href='http:\/\/www.koenigshof-schuby.de\/Impressionen\/Harald3Februar2014_03.jpg'rel=\"colorbox[harald3februar2014]\" title=\"Harald Februar 2014\"><\/a><a class='harald3februar2014' href='http:\/\/www.koenigshof-schuby.de\/Impressionen\/Harald3Februar2014_04.jpg'rel=\"colorbox[harald3februar2014]\" title=\"Harald Februar 2014\"><\/a><a class='harald3februar2014' href='http:\/\/www.koenigshof-schuby.de\/Impressionen\/Harald3Februar2014_05.jpg'rel=\"colorbox[harald3februar2014]\" title=\"Harald Februar 2014\"><\/a><a class='harald3februar2014' href='http:\/\/www.koenigshof-schuby.de\/Impressionen\/Harald3Februar2014_06.jpg'rel=\"colorbox[harald3februar2014]\" title=\"Harald Februar 2014\"><\/a><a class='harald3februar2014' href='http:\/\/www.koenigshof-schuby.de\/Impressionen\/Harald3Februar2014_07.jpg'rel=\"colorbox[harald3februar2014]\" title=\"Harald Februar 2014\"><\/a><a class='harald3februar2014' href='http:\/\/www.koenigshof-schuby.de\/Impressionen\/Harald3Februar2014_08.jpg'rel=\"colorbox[harald3februar2014]\" title=\"Harald Februar 2014\"><\/a><a class='harald3februar2014' href='http:\/\/www.koenigshof-schuby.de\/Impressionen\/Harald3Februar2014_09.jpg'rel=\"colorbox[harald3februar2014]\" title=\"Harald Februar 2014\"><\/a><a class='harald3februar2014' href='http:\/\/www.koenigshof-schuby.de\/Impressionen\/Harald3Februar2014_10.jpg'rel=\"colorbox[harald3februar2014]\" title=\"Harald Februar 2014\"><\/a><a class='harald3februar2014' href='http:\/\/www.koenigshof-schuby.de\/Impressionen\/Harald3Februar2014_11.jpg'rel=\"colorbox[harald3februar2014]\" title=\"Harald Februar 2014\"><\/a><a class='harald3februar2014' href='http:\/\/www.koenigshof-schuby.de\/Impressionen\/Harald3Februar2014_12.jpg'rel=\"colorbox[harald3februar2014]\" title=\"Harald Februar 2014\"><\/a><a class='harald3februar2014' href='http:\/\/www.koenigshof-schuby.de\/Impressionen\/Harald3Februar2014_13.jpg'rel=\"colorbox[harald3februar2014]\" title=\"Harald Februar 2014\"><\/a><a class='harald3februar2014' href='http:\/\/www.koenigshof-schuby.de\/Impressionen\/Harald3Februar2014_14.jpg'rel=\"colorbox[harald3februar2014]\" title=\"Harald Februar 2014\"><\/a><a class='harald3februar2014' href='http:\/\/www.koenigshof-schuby.de\/Impressionen\/Harald3Februar2014_15.jpg'rel=\"colorbox[harald3februar2014]\" title=\"Harald Februar 2014\"><\/a><a class='harald3februar2014' href='http:\/\/www.koenigshof-schuby.de\/Impressionen\/Harald3Februar2014_16.jpg'rel=\"colorbox[harald3februar2014]\" title=\"Harald Februar 2014\"><\/a><a class='harald3februar2014' href='http:\/\/www.koenigshof-schuby.de\/Impressionen\/Harald3Februar2014_17.jpg'rel=\"colorbox[harald3februar2014]\" title=\"Harald Februar 2014\"><\/a><a class='harald3februar2014' href='http:\/\/www.koenigshof-schuby.de\/Impressionen\/Harald3Februar2014_18.jpg'rel=\"colorbox[harald3februar2014]\" title=\"Harald Februar 2014\"><\/a><a class='harald3februar2014' href='http:\/\/www.koenigshof-schuby.de\/Impressionen\/Harald3Februar2014_19.jpg'rel=\"colorbox[harald3februar2014]\" title=\"Harald Februar 2014\"><\/a><a class='harald3februar2014' href='http:\/\/www.koenigshof-schuby.de\/Impressionen\/Harald3Februar2014_20.jpg'rel=\"colorbox[harald3februar2014]\" title=\"Harald Februar 2014\"><\/a><a class='harald3februar2014' href='http:\/\/www.koenigshof-schuby.de\/Impressionen\/Harald3Februar2014_21.jpg'rel=\"colorbox[harald3februar2014]\" title=\"Harald Februar 2014\"><\/a><a class='harald3februar2014' href='http:\/\/www.koenigshof-schuby.de\/Impressionen\/Harald3Februar2014_22.jpg'rel=\"colorbox[harald3februar2014]\" title=\"Harald Februar 2014\"><\/a><a class='harald3februar2014' href='http:\/\/www.koenigshof-schuby.de\/Impressionen\/Harald3Februar2014_23.jpg'rel=\"colorbox[harald3februar2014]\" title=\"Harald Februar 2014\"><\/a><a class='harald3februar2014' href='http:\/\/www.koenigshof-schuby.de\/Impressionen\/Harald3Februar2014_24.jpg'rel=\"colorbox[harald3februar2014]\" title=\"Harald Februar 2014\"><\/a><a class='harald3februar2014' href='http:\/\/www.koenigshof-schuby.de\/Impressionen\/Harald3Februar2014_25.jpg'rel=\"colorbox[harald3februar2014]\" title=\"Harald Februar 2014\"><\/a><\/p>\n","protected":false},"excerpt":{"rendered":"<p>Harald war der n\u00e4chste in der Riege der fleissigen H\u00fcpfer. Jetzt, wo er &#8222;ganz nackig&#8220; ist, springt es sich doch gleich doppelt so gut. Wir freuen uns immer mehr \u00fcber so ein tolles Pony. (Mehr Fotos gibt es beim Klick auf das Bild) Harald Februar 2014<\/p>\n","protected":false},"author":1,"featured_media":438,"comment_status":"closed","ping_status":"closed","sticky":false,"template":"","format":"standard","meta":{"footnotes":""},"categories":[1],"tags":[],"class_list":["post-447","post","type-post","status-publish","format-standard","has-post-thumbnail","hentry","category-uncategorized"],"_links":{"self":[{"href":"https:\/\/koenigshof-schuby.de\/wordpress\/wp-json\/wp\/v2\/posts\/447","targetHints":{"allow":["GET"]}}],"collection":[{"href":"https:\/\/koenigshof-schuby.de\/wordpress\/wp-json\/wp\/v2\/posts"}],"about":[{"href":"https:\/\/koenigshof-schuby.de\/wordpress\/wp-json\/wp\/v2\/types\/post"}],"author":[{"embeddable":true,"href":"https:\/\/koenigshof-schuby.de\/wordpress\/wp-json\/wp\/v2\/users\/1"}],"replies":[{"embeddable":true,"href":"https:\/\/koenigshof-schuby.de\/wordpress\/wp-json\/wp\/v2\/comments?post=447"}],"version-history":[{"count":5,"href":"https:\/\/koenigshof-schuby.de\/wordpress\/wp-json\/wp\/v2\/posts\/447\/revisions"}],"predecessor-version":[{"id":452,"href":"https:\/\/koenigshof-schuby.de\/wordpress\/wp-json\/wp\/v2\/posts\/447\/revisions\/452"}],"wp:featuredmedia":[{"embeddable":true,"href":"https:\/\/koenigshof-schuby.de\/wordpress\/wp-json\/wp\/v2\/media\/438"}],"wp:attachment":[{"href":"https:\/\/koenigshof-schuby.de\/wordpress\/wp-json\/wp\/v2\/media?parent=447"}],"wp:term":[{"taxonomy":"category","embeddable":true,"href":"https:\/\/koenigshof-schuby.de\/wordpress\/wp-json\/wp\/v2\/categories?post=447"},{"taxonomy":"post_tag","embeddable":true,"href":"https:\/\/koenigshof-schuby.de\/wordpress\/wp-json\/wp\/v2\/tags?post=447"}],"curies":[{"name":"wp","href":"https:\/\/api.w.org\/{rel}","templated":true}]}}