{"id":384,"date":"2014-02-25T08:11:03","date_gmt":"2014-02-25T08:11:03","guid":{"rendered":"http:\/\/koenigshof-schuby.de\/wordpress\/?p=384"},"modified":"2014-02-25T08:11:03","modified_gmt":"2014-02-25T08:11:03","slug":"24-februar-harald-muss-auch-ran","status":"publish","type":"post","link":"https:\/\/koenigshof-schuby.de\/wordpress\/24-februar-harald-muss-auch-ran\/","title":{"rendered":"24. Februar &#8211; Harald muss auch ran !"},"content":{"rendered":"<p>Harald hat heute gezeigt, dass er doch \u00fcber einen vern\u00fcnftigen Trab verf\u00fcgt. Au\u00dferdem hat unser Springpony seinen Job gemacht und ist \u00fcber das Gel\u00e4ndehindernis gesegelt. Zum Schluss hat Christin ihn noch mal ordentlich laufen lassen. Er liess sich total brav wieder aufnehmen und hat sich \u00fcber eine Galoppeinlage auf der Koppel gefreut. <\/p>\n<p>(Mehr Fotos gibt es beim Klick auf das Bild)<br \/>\n<html><head><link rel=\"stylesheet\" href=\"colorbox.css\" \/>\n        <script src=\"jquery.min.js\"><\/script><br \/>\n        <script src=\"jquery.colorbox-min.js\"><\/script><br \/>\n        <script>jQuery(document).ready(function () {jQuery('a.harald2februar2014').colorbox();\n            });<\/script><\/head><br \/>\n<body><br \/>\n<a class=\"harald2februar2014 cboxElement\" style=\"float:left; font-size:0.8em; margin-right:1em\" href=\"http:\/\/www.koenigshof-schuby.de\/Impressionen\/Harald2Februar2014_01.jpg\" rel=\"colorbox[harald2februar2014]\" title=\"Harald\"><img decoding=\"async\" src=\"http:\/\/www.koenigshof-schuby.de\/Impressionen\/Harald2Februar2014_klein.jpg\"\/><br \/>Harald Februar 2014<\/a><a class='harald2februar2014' href='http:\/\/www.koenigshof-schuby.de\/Impressionen\/Harald2Februar2014_02.jpg'rel=\"colorbox[harald2februar2014]\" title=\"Harald Februar 2014\"><\/a><a class='harald2februar2014' href='http:\/\/www.koenigshof-schuby.de\/Impressionen\/Harald2Februar2014_03.jpg'rel=\"colorbox[harald2februar2014]\" title=\"Harald Februar 2014 \"><\/a><a class='harald2februar2014' href='http:\/\/www.koenigshof-schuby.de\/Impressionen\/Harald2Februar2014_04.jpg'rel=\"colorbox[harald2februar2014]\" title=\"Harald Februar 2014 \"><\/a><a class='harald2februar2014' href='http:\/\/www.koenigshof-schuby.de\/Impressionen\/Harald2Februar2014_05.jpg'rel=\"colorbox[harald2februar2014]\" title=\"Harald Februar 2014 \"><\/a><a class='harald2februar2014' href='http:\/\/www.koenigshof-schuby.de\/Impressionen\/Harald2Februar2014_06.jpg'rel=\"colorbox[harald2februar2014]\" title=\"Harald Februar 2014 \"><\/a><a class='harald2februar2014' href='http:\/\/www.koenigshof-schuby.de\/Impressionen\/Harald2Februar2014_07.jpg'rel=\"colorbox[harald2februar2014]\" title=\"Harald Februar 2014 \"><\/a><a class='harald2februar2014' href='http:\/\/www.koenigshof-schuby.de\/Impressionen\/Harald2Februar2014_08.jpg'rel=\"colorbox[harald2februar2014]\" title=\"Harald Februar 2014 \"><\/a><a class='harald2februar2014' href='http:\/\/www.koenigshof-schuby.de\/Impressionen\/Harald2Februar2014_09.jpg'rel=\"colorbox[harald2februar2014]\" title=\"Harald Februar 2014 \"><\/a><a class='harald2februar2014' href='http:\/\/www.koenigshof-schuby.de\/Impressionen\/Harald2Februar2014_10.jpg'rel=\"colorbox[harald2februar2014]\" title=\"Harald Februar 2014 \"><\/a><a class='harald2februar2014' href='http:\/\/www.koenigshof-schuby.de\/Impressionen\/Harald2Februar2014_11.jpg'rel=\"colorbox[harald2februar2014]\" title=\"Harald Februar 2014 \"><\/a><a class='harald2februar2014' href='http:\/\/www.koenigshof-schuby.de\/Impressionen\/Harald2Februar2014_12.jpg'rel=\"colorbox[harald2februar2014]\" title=\"Harald Februar 2014 \"><\/a><a class='harald2februar2014' href='http:\/\/www.koenigshof-schuby.de\/Impressionen\/Harald2Februar2014_13.jpg'rel=\"colorbox[harald2februar2014]\" title=\"Harald Februar 2014 \"><\/a><a class='harald2februar2014' href='http:\/\/www.koenigshof-schuby.de\/Impressionen\/Harald2Februar2014_14.jpg'rel=\"colorbox[harald2februar2014]\" title=\"Harald Februar 2014 \"><\/a><a class='harald2februar2014' href='http:\/\/www.koenigshof-schuby.de\/Impressionen\/Harald2Februar2014_15.jpg'rel=\"colorbox[harald2februar2014]\" title=\"Harald Februar 2014 \"><\/a><a class='harald2februar2014' href='http:\/\/www.koenigshof-schuby.de\/Impressionen\/Harald2Februar2014_16.jpg'rel=\"colorbox[harald2februar2014]\" title=\"Harald Februar 2014 \"><\/a><a class='harald2februar2014' href='http:\/\/www.koenigshof-schuby.de\/Impressionen\/Harald2Februar2014_17.jpg'rel=\"colorbox[harald2februar2014]\" title=\"Harald Februar 2014 \"><\/a><a class='harald2februar2014' href='http:\/\/www.koenigshof-schuby.de\/Impressionen\/Harald2Februar2014_18.jpg'rel=\"colorbox[harald2februar2014]\" title=\"Harald Februar 2014 \"><\/a><a class='harald2februar2014' href='http:\/\/www.koenigshof-schuby.de\/Impressionen\/Harald2Februar2014_19.jpg'rel=\"colorbox[harald2februar2014]\" title=\"Harald Februar 2014 \"><\/a><a class='harald2februar2014' href='http:\/\/www.koenigshof-schuby.de\/Impressionen\/Harald2Februar2014_20.jpg'rel=\"colorbox[harald2februar2014]\" title=\"Harald Februar 2014 \"><\/a><a class='harald2februar2014' href='http:\/\/www.koenigshof-schuby.de\/Impressionen\/Harald2Februar2014_21.jpg'rel=\"colorbox[harald2februar2014]\" title=\"Harald Februar 2014 \"><\/a><a class='harald2februar2014' href='http:\/\/www.koenigshof-schuby.de\/Impressionen\/Harald2Februar2014_22.jpg'rel=\"colorbox[harald2februar2014]\" title=\"Harald Februar 2014 \"><\/a><a class='harald2februar2014' href='http:\/\/www.koenigshof-schuby.de\/Impressionen\/Harald2Februar2014_23.jpg'rel=\"colorbox[harald2februar2014]\" title=\"Harald Februar 2014 \"><\/a><a class='harald2februar2014' href='http:\/\/www.koenigshof-schuby.de\/Impressionen\/Harald2Februar2014_24.jpg'rel=\"colorbox[harald2februar2014]\" title=\"Harald Februar 2014 \"><\/a><\/p>\n","protected":false},"excerpt":{"rendered":"<p>Harald hat heute gezeigt, dass er doch \u00fcber einen vern\u00fcnftigen Trab verf\u00fcgt. Au\u00dferdem hat unser Springpony seinen Job gemacht und ist \u00fcber das Gel\u00e4ndehindernis gesegelt. Zum Schluss hat Christin ihn noch mal ordentlich laufen lassen. Er liess sich total brav wieder aufnehmen und hat sich \u00fcber eine Galoppeinlage auf der Koppel gefreut. (Mehr Fotos gibt es beim Klick auf das Bild) Harald Februar 2014<\/p>\n","protected":false},"author":1,"featured_media":370,"comment_status":"closed","ping_status":"closed","sticky":false,"template":"","format":"standard","meta":{"footnotes":""},"categories":[1],"tags":[],"class_list":["post-384","post","type-post","status-publish","format-standard","has-post-thumbnail","hentry","category-uncategorized"],"_links":{"self":[{"href":"https:\/\/koenigshof-schuby.de\/wordpress\/wp-json\/wp\/v2\/posts\/384","targetHints":{"allow":["GET"]}}],"collection":[{"href":"https:\/\/koenigshof-schuby.de\/wordpress\/wp-json\/wp\/v2\/posts"}],"about":[{"href":"https:\/\/koenigshof-schuby.de\/wordpress\/wp-json\/wp\/v2\/types\/post"}],"author":[{"embeddable":true,"href":"https:\/\/koenigshof-schuby.de\/wordpress\/wp-json\/wp\/v2\/users\/1"}],"replies":[{"embeddable":true,"href":"https:\/\/koenigshof-schuby.de\/wordpress\/wp-json\/wp\/v2\/comments?post=384"}],"version-history":[{"count":5,"href":"https:\/\/koenigshof-schuby.de\/wordpress\/wp-json\/wp\/v2\/posts\/384\/revisions"}],"predecessor-version":[{"id":389,"href":"https:\/\/koenigshof-schuby.de\/wordpress\/wp-json\/wp\/v2\/posts\/384\/revisions\/389"}],"wp:featuredmedia":[{"embeddable":true,"href":"https:\/\/koenigshof-schuby.de\/wordpress\/wp-json\/wp\/v2\/media\/370"}],"wp:attachment":[{"href":"https:\/\/koenigshof-schuby.de\/wordpress\/wp-json\/wp\/v2\/media?parent=384"}],"wp:term":[{"taxonomy":"category","embeddable":true,"href":"https:\/\/koenigshof-schuby.de\/wordpress\/wp-json\/wp\/v2\/categories?post=384"},{"taxonomy":"post_tag","embeddable":true,"href":"https:\/\/koenigshof-schuby.de\/wordpress\/wp-json\/wp\/v2\/tags?post=384"}],"curies":[{"name":"wp","href":"https:\/\/api.w.org\/{rel}","templated":true}]}}