{"id":354,"date":"2014-02-14T19:16:26","date_gmt":"2014-02-14T19:16:26","guid":{"rendered":"http:\/\/koenigshof-schuby.de\/wordpress\/?p=354"},"modified":"2014-02-14T19:16:26","modified_gmt":"2014-02-14T19:16:26","slug":"12-februar-christin-und-harald-huepfen","status":"publish","type":"post","link":"https:\/\/koenigshof-schuby.de\/wordpress\/12-februar-christin-und-harald-huepfen\/","title":{"rendered":"12. Februar &#8211; Christin und Harald h\u00fcpfen"},"content":{"rendered":"<p>Bei dem sch\u00f6nen Wetter kam Christin mit Harald auf den Reitplatz und so wurden schnell ein paar Spr\u00fcnge hingestellt. Die Turniersaison beginnt bald und er soll ja gut vorbereitet in sein erstes Springen gehen.<\/p>\n<p>(Mehr Fotos gibt es beim Klick auf das Bild)<br \/>\n<html><head><link rel=\"stylesheet\" href=\"colorbox.css\" \/>\n        <script src=\"jquery.min.js\"><\/script><br \/>\n        <script src=\"jquery.colorbox-min.js\"><\/script><br \/>\n        <script>jQuery(document).ready(function () {jQuery('a.haraldfebruar2014').colorbox();\n            });<\/script><\/head><br \/>\n<body><br \/>\n<a class=\"haraldfebruar2014 cboxElement\" style=\"float:left; font-size:0.8em; margin-right:1em\" href=\"http:\/\/www.koenigshof-schuby.de\/Impressionen\/HaraldFebruar2014_01.jpg\" rel=\"colorbox[haraldfebruar2014]\" title=\"Harald\"><img decoding=\"async\" src=\"http:\/\/www.koenigshof-schuby.de\/Impressionen\/HaraldFebruar2014_klein.jpg\"\/><br \/>Harald Februar 2014<\/a><a class='haraldfebruar2014' href='http:\/\/www.koenigshof-schuby.de\/Impressionen\/HaraldFebruar2014_02.jpg'rel=\"colorbox[haraldfebruar2014]\" title=\"Einmal Gerten\u00fcbergabe bitte.\"><\/a><a class='haraldfebruar2014' href='http:\/\/www.koenigshof-schuby.de\/Impressionen\/HaraldFebruar2014_03.jpg'rel=\"colorbox[haraldfebruar2014]\" title=\"Erst mal vorbereiten und ein-norden. \"><\/a><a class='haraldfebruar2014' href='http:\/\/www.koenigshof-schuby.de\/Impressionen\/HaraldFebruar2014_04.jpg'rel=\"colorbox[haraldfebruar2014]\" title=\"Abreiten\"><\/a><a class='haraldfebruar2014' href='http:\/\/www.koenigshof-schuby.de\/Impressionen\/HaraldFebruar2014_05.jpg'rel=\"colorbox[haraldfebruar2014]\" title=\"Abreiten\"><\/a><a class='haraldfebruar2014' href='http:\/\/www.koenigshof-schuby.de\/Impressionen\/HaraldFebruar2014_06.jpg'rel=\"colorbox[haraldfebruar2014]\" title=\"Abreiten\"><\/a><a class='haraldfebruar2014' href='http:\/\/www.koenigshof-schuby.de\/Impressionen\/HaraldFebruar2014_07.jpg'rel=\"colorbox[haraldfebruar2014]\" title=\"Abreiten\"><\/a><a class='haraldfebruar2014' href='http:\/\/www.koenigshof-schuby.de\/Impressionen\/HaraldFebruar2014_08.jpg'rel=\"colorbox[haraldfebruar2014]\" title=\"Abreiten\"><\/a><a class='haraldfebruar2014' href='http:\/\/www.koenigshof-schuby.de\/Impressionen\/HaraldFebruar2014_09.jpg'rel=\"colorbox[haraldfebruar2014]\" title=\"Abreiten\"><\/a><a class='haraldfebruar2014' href='http:\/\/www.koenigshof-schuby.de\/Impressionen\/HaraldFebruar2014_10.jpg'rel=\"colorbox[haraldfebruar2014]\" title=\"...und los geht\u00b4s...\"><\/a><\/a><a class='haraldfebruar2014' href='http:\/\/www.koenigshof-schuby.de\/Impressionen\/HaraldFebruar2014_11.jpg'rel=\"colorbox[haraldfebruar2014]\" title=\"...und los geht\u00b4s...\"><\/a><\/a><a class='haraldfebruar2014' href='http:\/\/www.koenigshof-schuby.de\/Impressionen\/HaraldFebruar2014_12.jpg'rel=\"colorbox[haraldfebruar2014]\" title=\"...und los geht\u00b4s...\"><\/a><\/a><a class='haraldfebruar2014' href='http:\/\/www.koenigshof-schuby.de\/Impressionen\/HaraldFebruar2014_13.jpg'rel=\"colorbox[haraldfebruar2014]\" title=\"...und los geht\u00b4s...\"><\/a><\/a><a class='haraldfebruar2014' href='http:\/\/www.koenigshof-schuby.de\/Impressionen\/HaraldFebruar2014_14.jpg'rel=\"colorbox[haraldfebruar2014]\" title=\"...und los geht\u00b4s...\"><\/a><\/a><a class='haraldfebruar2014' href='http:\/\/www.koenigshof-schuby.de\/Impressionen\/HaraldFebruar2014_15.jpg'rel=\"colorbox[haraldfebruar2014]\" title=\"...und los geht\u00b4s...\"><\/a><\/a><a class='haraldfebruar2014' href='http:\/\/www.koenigshof-schuby.de\/Impressionen\/HaraldFebruar2014_16.jpg'rel=\"colorbox[haraldfebruar2014]\" title=\"...und los geht\u00b4s...\"><\/a><\/a><a class='haraldfebruar2014' href='http:\/\/www.koenigshof-schuby.de\/Impressionen\/HaraldFebruar2014_17.jpg'rel=\"colorbox[haraldfebruar2014]\" title=\"Fertig !\"><\/a><\/p>\n","protected":false},"excerpt":{"rendered":"<p>Bei dem sch\u00f6nen Wetter kam Christin mit Harald auf den Reitplatz und so wurden schnell ein paar Spr\u00fcnge hingestellt. Die Turniersaison beginnt bald und er soll ja gut vorbereitet in sein erstes Springen gehen. (Mehr Fotos gibt es beim Klick auf das Bild) Harald Februar 2014<\/p>\n","protected":false},"author":1,"featured_media":353,"comment_status":"closed","ping_status":"closed","sticky":false,"template":"","format":"standard","meta":{"footnotes":""},"categories":[1],"tags":[],"class_list":["post-354","post","type-post","status-publish","format-standard","has-post-thumbnail","hentry","category-uncategorized"],"_links":{"self":[{"href":"https:\/\/koenigshof-schuby.de\/wordpress\/wp-json\/wp\/v2\/posts\/354","targetHints":{"allow":["GET"]}}],"collection":[{"href":"https:\/\/koenigshof-schuby.de\/wordpress\/wp-json\/wp\/v2\/posts"}],"about":[{"href":"https:\/\/koenigshof-schuby.de\/wordpress\/wp-json\/wp\/v2\/types\/post"}],"author":[{"embeddable":true,"href":"https:\/\/koenigshof-schuby.de\/wordpress\/wp-json\/wp\/v2\/users\/1"}],"replies":[{"embeddable":true,"href":"https:\/\/koenigshof-schuby.de\/wordpress\/wp-json\/wp\/v2\/comments?post=354"}],"version-history":[{"count":4,"href":"https:\/\/koenigshof-schuby.de\/wordpress\/wp-json\/wp\/v2\/posts\/354\/revisions"}],"predecessor-version":[{"id":358,"href":"https:\/\/koenigshof-schuby.de\/wordpress\/wp-json\/wp\/v2\/posts\/354\/revisions\/358"}],"wp:featuredmedia":[{"embeddable":true,"href":"https:\/\/koenigshof-schuby.de\/wordpress\/wp-json\/wp\/v2\/media\/353"}],"wp:attachment":[{"href":"https:\/\/koenigshof-schuby.de\/wordpress\/wp-json\/wp\/v2\/media?parent=354"}],"wp:term":[{"taxonomy":"category","embeddable":true,"href":"https:\/\/koenigshof-schuby.de\/wordpress\/wp-json\/wp\/v2\/categories?post=354"},{"taxonomy":"post_tag","embeddable":true,"href":"https:\/\/koenigshof-schuby.de\/wordpress\/wp-json\/wp\/v2\/tags?post=354"}],"curies":[{"name":"wp","href":"https:\/\/api.w.org\/{rel}","templated":true}]}}