{"id":2992,"date":"2020-05-17T16:37:21","date_gmt":"2020-05-17T16:37:21","guid":{"rendered":"https:\/\/koenigshof-schuby.de\/wordpress\/?p=2992"},"modified":"2020-05-17T16:37:21","modified_gmt":"2020-05-17T16:37:21","slug":"17-mai-wendys-fohlen","status":"publish","type":"post","link":"https:\/\/koenigshof-schuby.de\/wordpress\/17-mai-wendys-fohlen\/","title":{"rendered":"17. Mai &#8211; Wendys Fohlen"},"content":{"rendered":"<p>Gestern Abend hat sich Wendys &#8222;kleiner&#8220; Mann auf den Weg gemacht. Klein ist er nicht, der Almoretto Sohn. Daf\u00fcr mit wundersch\u00f6nen Abzeichen gesegnet. Heute gab es den ersten Ausflug nach drau\u00dfen.<\/p>\n<p>Beim *klick* auf das Foto gibt es noch mehr Bilder.<\/p>\n<p><script rel=\"stylesheet\" <link=\"\" href=\"lightbox.css\">\n        <script src=\"jquery.min.js\"><\/script><br \/>\n<script src=\"jquery.lightbox-min.js\"><\/script><br \/>\n<script>jQuery(document).ready(function () {jQuery('a.wenmai2020').lightbox();<br \/>\n            });<\/script><\/p>\n<p><a class=\"wenmai2020 cboxElement\" style=\"float:left; font-size:0.8em; margin-right:1em\" href=\"http:\/\/www.koenigshof-schuby.de\/Reitverein 2020\/FohMai2020_001.jpg\" rel=\"lightbox[wenmai2020]\"><img decoding=\"async\" src=\"http:\/\/www.koenigshof-schuby.de\/Reitverein 2020\/FohMai2020_001.jpg\"><\/a><a class=\"wenmai2020 cboxElement\" style=\"float: left; font-size: 0.8em; margin-right: 1em;\" href=\"http:\/\/www.koenigshof-schuby.de\/Reitverein 2020\/FohMai2020_002.jpg\" rel=\"lightbox[wenmai2020]\"><\/a><a class=\"wenmai2020 cboxElement\" style=\"float: left; font-size: 0.8em; margin-right: 1em;\" href=\"http:\/\/www.koenigshof-schuby.de\/Reitverein 2020\/FohMai2020_003.jpg\" rel=\"lightbox[wenmai2020]\"><\/a><a class=\"wenmai2020 cboxElement\" style=\"float: left; font-size: 0.8em; margin-right: 1em;\" href=\"http:\/\/www.koenigshof-schuby.de\/Reitverein 2020\/FohMai2020_004.jpg\" rel=\"lightbox[wenmai2020]\"><\/a><a class=\"wenmai2020 cboxElement\" style=\"float: left; font-size: 0.8em; margin-right: 1em;\" href=\"http:\/\/www.koenigshof-schuby.de\/Reitverein 2020\/FohMai2020_005.jpg\" rel=\"lightbox[wenmai2020]\"><\/a><a class=\"wenmai2020 cboxElement\" style=\"float: left; font-size: 0.8em; margin-right: 1em;\" href=\"http:\/\/www.koenigshof-schuby.de\/Reitverein 2020\/FohMai2020_006.jpg\" rel=\"lightbox[wenmai2020]\"><\/a><a class=\"wenmai2020 cboxElement\" style=\"float: left; font-size: 0.8em; margin-right: 1em;\" href=\"http:\/\/www.koenigshof-schuby.de\/Reitverein 2020\/FohMai2020_007.jpg\" rel=\"lightbox[wenmai2020]\"><\/a><a class=\"wenmai2020 cboxElement\" style=\"float: left; font-size: 0.8em; margin-right: 1em;\" href=\"http:\/\/www.koenigshof-schuby.de\/Reitverein 2020\/FohMai2020_008.jpg\" rel=\"lightbox[wenmai2020]\"><\/a><a class=\"wenmai2020 cboxElement\" style=\"float: left; font-size: 0.8em; margin-right: 1em;\" href=\"http:\/\/www.koenigshof-schuby.de\/Reitverein 2020\/FohMai2020_009.jpg\" rel=\"lightbox[wenmai2020]\"><\/a><a class=\"wenmai2020 cboxElement\" style=\"float: left; font-size: 0.8em; margin-right: 1em;\" href=\"http:\/\/www.koenigshof-schuby.de\/Reitverein 2020\/FohMai2020_010.jpg\" rel=\"lightbox[wenmai2020]\"><\/a><a class=\"wenmai2020 cboxElement\" style=\"float: left; font-size: 0.8em; margin-right: 1em;\" href=\"http:\/\/www.koenigshof-schuby.de\/Reitverein 2020\/FohMai2020_011.jpg\" rel=\"lightbox[wenmai2020]\"><\/a><a class=\"wenmai2020 cboxElement\" style=\"float: left; font-size: 0.8em; margin-right: 1em;\" href=\"http:\/\/www.koenigshof-schuby.de\/Reitverein 2020\/FohMai2020_012.jpg\" rel=\"lightbox[wenmai2020]\"><\/a><a class=\"wenmai2020 cboxElement\" style=\"float: left; font-size: 0.8em; margin-right: 1em;\" href=\"http:\/\/www.koenigshof-schuby.de\/Reitverein 2020\/FohMai2020_013.jpg\" rel=\"lightbox[wenmai2020]\"><\/a><\/p>\n","protected":false},"excerpt":{"rendered":"<p>Gestern Abend hat sich Wendys &#8222;kleiner&#8220; Mann auf den Weg gemacht. Klein ist er nicht, der Almoretto Sohn. Daf\u00fcr mit wundersch\u00f6nen Abzeichen gesegnet. Heute gab es den ersten Ausflug nach drau\u00dfen. Beim *klick* auf das Foto gibt es noch mehr Bilder.<\/p>\n","protected":false},"author":1,"featured_media":2994,"comment_status":"closed","ping_status":"closed","sticky":false,"template":"","format":"standard","meta":{"footnotes":""},"categories":[1],"tags":[],"class_list":["post-2992","post","type-post","status-publish","format-standard","has-post-thumbnail","hentry","category-uncategorized"],"_links":{"self":[{"href":"https:\/\/koenigshof-schuby.de\/wordpress\/wp-json\/wp\/v2\/posts\/2992","targetHints":{"allow":["GET"]}}],"collection":[{"href":"https:\/\/koenigshof-schuby.de\/wordpress\/wp-json\/wp\/v2\/posts"}],"about":[{"href":"https:\/\/koenigshof-schuby.de\/wordpress\/wp-json\/wp\/v2\/types\/post"}],"author":[{"embeddable":true,"href":"https:\/\/koenigshof-schuby.de\/wordpress\/wp-json\/wp\/v2\/users\/1"}],"replies":[{"embeddable":true,"href":"https:\/\/koenigshof-schuby.de\/wordpress\/wp-json\/wp\/v2\/comments?post=2992"}],"version-history":[{"count":1,"href":"https:\/\/koenigshof-schuby.de\/wordpress\/wp-json\/wp\/v2\/posts\/2992\/revisions"}],"predecessor-version":[{"id":2995,"href":"https:\/\/koenigshof-schuby.de\/wordpress\/wp-json\/wp\/v2\/posts\/2992\/revisions\/2995"}],"wp:featuredmedia":[{"embeddable":true,"href":"https:\/\/koenigshof-schuby.de\/wordpress\/wp-json\/wp\/v2\/media\/2994"}],"wp:attachment":[{"href":"https:\/\/koenigshof-schuby.de\/wordpress\/wp-json\/wp\/v2\/media?parent=2992"}],"wp:term":[{"taxonomy":"category","embeddable":true,"href":"https:\/\/koenigshof-schuby.de\/wordpress\/wp-json\/wp\/v2\/categories?post=2992"},{"taxonomy":"post_tag","embeddable":true,"href":"https:\/\/koenigshof-schuby.de\/wordpress\/wp-json\/wp\/v2\/tags?post=2992"}],"curies":[{"name":"wp","href":"https:\/\/api.w.org\/{rel}","templated":true}]}}