{"id":2904,"date":"2019-06-14T18:27:01","date_gmt":"2019-06-14T18:27:01","guid":{"rendered":"https:\/\/koenigshof-schuby.de\/wordpress\/?p=2904"},"modified":"2019-06-14T18:27:01","modified_gmt":"2019-06-14T18:27:01","slug":"14-juni-turnier-juebek","status":"publish","type":"post","link":"https:\/\/koenigshof-schuby.de\/wordpress\/14-juni-turnier-juebek\/","title":{"rendered":"14. Juni &#8211; Turnier J\u00fcbek"},"content":{"rendered":"<p>Unsere Premiere: Simi hat sich heute auf das erste Fahrturnier mit K\u00f6nigshofs P\u00fcnktchen gewagt. Er hat so gek\u00e4mpft und nach anf\u00e4nglicher Aufgeregtheit war er voll in seinem Element ! So ein toller Kerl !<\/p>\n<p>Beim *klick* auf das Bild gibt es mehr Fotos. <script href=\"lightbox.css\" <link=\"\" rel=\"stylesheet\">\n        <script src=\"jquery.min.js\"><\/script><br \/>\n<script src=\"jquery.lightbox-min.js\"><\/script><br \/>\n<script>jQuery(document).ready(function () {jQuery('a.fahjun2019').lightbox();<br \/>\n            });<\/script><\/p>\n<p><a title=\"Juni 2019\" class=\"fahjun2019 cboxElement\" style=\"float:left; font-size:0.8em; margin-right:1em\" href=\"http:\/\/www.koenigshof-schuby.de\/Impressionen\/FahJuni2019_001.jpg\" rel=\"lightbox[fahjun2019]\"><img decoding=\"async\" src=\"http:\/\/www.koenigshof-schuby.de\/Impressionen\/FahJuni2019_005.jpg\"><\/a><a title=\"Juni 2019\" class=\"fahjun2019 cboxElement\" style=\"float: left; font-size: 0.8em; margin-right: 1em;\" href=\"http:\/\/www.koenigshof-schuby.de\/Impressionen\/FahJuni2019_002.jpg\" rel=\"lightbox[fahjun2019]\">Juni 2019<\/a><a title=\"Juni 2019\" class=\"fahjun2019 cboxElement\" style=\"float: left; font-size: 0.8em; margin-right: 1em;\" href=\"http:\/\/www.koenigshof-schuby.de\/Impressionen\/FahJuni2019_003.jpg\" rel=\"lightbox[fahjun2019]\">Juni 2019<\/a><a title=\"Juni 2019\" class=\"fahjun2019 cboxElement\" style=\"float: left; font-size: 0.8em; margin-right: 1em;\" href=\"http:\/\/www.koenigshof-schuby.de\/Impressionen\/FahJuni2019_004.jpg\" rel=\"lightbox[fahjun2019]\">Juni 2019<\/a><a title=\"Juni 2019\" class=\"fahjun2019 cboxElement\" style=\"float: left; font-size: 0.8em; margin-right: 1em;\" href=\"http:\/\/www.koenigshof-schuby.de\/Impressionen\/FahJuni2019_005.jpg\" rel=\"lightbox[fahjun2019]\">Juni 2019<\/a><a title=\"Juni 2019\" class=\"fahjun2019 cboxElement\" style=\"float: left; font-size: 0.8em; margin-right: 1em;\" href=\"http:\/\/www.koenigshof-schuby.de\/Impressionen\/FahJuni2019_006.jpg\" rel=\"lightbox[fahjun2019]\">Juni 2019<\/a><a title=\"Juni 2019\" class=\"fahjun2019 cboxElement\" style=\"float: left; font-size: 0.8em; margin-right: 1em;\" href=\"http:\/\/www.koenigshof-schuby.de\/Impressionen\/FahJuni2019_007.jpg\" rel=\"lightbox[fahjun2019]\">Juni 2019<\/a><a title=\"Juni 2019\" class=\"fahjun2019 cboxElement\" style=\"float: left; font-size: 0.8em; margin-right: 1em;\" href=\"http:\/\/www.koenigshof-schuby.de\/Impressionen\/FahJuni2019_008.jpg\" rel=\"lightbox[fahjun2019]\">Juni 2019<\/a><a title=\"Juni 2019\" class=\"fahjun2019 cboxElement\" style=\"float: left; font-size: 0.8em; margin-right: 1em;\" href=\"http:\/\/www.koenigshof-schuby.de\/Impressionen\/FahJuni2019_009.jpg\" rel=\"lightbox[fahjun2019]\">Juni 2019<\/a><a title=\"Juni 2019\" class=\"fahjun2019 cboxElement\" style=\"float: left; font-size: 0.8em; margin-right: 1em;\" href=\"http:\/\/www.koenigshof-schuby.de\/Impressionen\/FahJuni2019_010.jpg\" rel=\"lightbox[fahjun2019]\">Juni 2019<\/a><a title=\"Juni 2019\" class=\"fahjun2019 cboxElement\" style=\"float: left; font-size: 0.8em; margin-right: 1em;\" href=\"http:\/\/www.koenigshof-schuby.de\/Impressionen\/FahJuni2019_011.jpg\" rel=\"lightbox[fahjun2019]\">Juni 2019<\/a><a title=\"Juni 2019\" class=\"fahjun2019 cboxElement\" style=\"float: left; font-size: 0.8em; margin-right: 1em;\" href=\"http:\/\/www.koenigshof-schuby.de\/Impressionen\/FahJuni2019_012.jpg\" rel=\"lightbox[fahjun2019]\">Juni 2019<\/a><a title=\"Juni 2019\" class=\"fahjun2019 cboxElement\" style=\"float: left; font-size: 0.8em; margin-right: 1em;\" href=\"http:\/\/www.koenigshof-schuby.de\/Impressionen\/FahJuni2019_013.jpg\" rel=\"lightbox[fahjun2019]\">Juni 2019<\/a><a title=\"Juni 2019\" class=\"fahjun2019 cboxElement\" style=\"float: left; font-size: 0.8em; margin-right: 1em;\" href=\"http:\/\/www.koenigshof-schuby.de\/Impressionen\/FahJuni2019_014.jpg\" rel=\"lightbox[fahjun2019]\">Juni 2019<\/a><a title=\"Juni 2019\" class=\"fahjun2019 cboxElement\" style=\"float: left; font-size: 0.8em; margin-right: 1em;\" href=\"http:\/\/www.koenigshof-schuby.de\/Impressionen\/FahJuni2019_015.jpg\" rel=\"lightbox[fahjun2019]\">Juni 2019<\/a><a title=\"Juni 2019\" class=\"fahjun2019 cboxElement\" style=\"float: left; font-size: 0.8em; margin-right: 1em;\" href=\"http:\/\/www.koenigshof-schuby.de\/Impressionen\/FahJuni2019_016.jpg\" rel=\"lightbox[fahjun2019]\">Juni 2019<\/a><a title=\"Juni 2019\" class=\"fahjun2019 cboxElement\" style=\"float: left; font-size: 0.8em; margin-right: 1em;\" href=\"http:\/\/www.koenigshof-schuby.de\/Impressionen\/FahJuni2019_017.jpg\" rel=\"lightbox[fahjun2019]\">Juni 2019<\/a><a title=\"Juni 2019\" class=\"fahjun2019 cboxElement\" style=\"float: left; font-size: 0.8em; margin-right: 1em;\" href=\"http:\/\/www.koenigshof-schuby.de\/Impressionen\/FahJuni2019_018.jpg\" rel=\"lightbox[fahjun2019]\">Juni 2019<\/a><a title=\"Juni 2019\" class=\"fahjun2019 cboxElement\" style=\"float: left; font-size: 0.8em; margin-right: 1em;\" href=\"http:\/\/www.koenigshof-schuby.de\/Impressionen\/FahJuni2019_019.jpg\" rel=\"lightbox[fahjun2019]\">Juni 2019<\/a><a title=\"Juni 2019\" class=\"fahjun2019 cboxElement\" style=\"float: left; font-size: 0.8em; margin-right: 1em;\" href=\"http:\/\/www.koenigshof-schuby.de\/Impressionen\/FahJuni2019_020.jpg\" rel=\"lightbox[fahjun2019]\">Juni 2019<\/a><a title=\"Juni 2019\" class=\"fahjun2019 cboxElement\" style=\"float: left; font-size: 0.8em; margin-right: 1em;\" href=\"http:\/\/www.koenigshof-schuby.de\/Impressionen\/FahJuni2019_021.jpg\" rel=\"lightbox[fahjun2019]\">Juni 2019<\/a><a title=\"Juni 2019\" class=\"fahjun2019 cboxElement\" style=\"float: left; font-size: 0.8em; margin-right: 1em;\" href=\"http:\/\/www.koenigshof-schuby.de\/Impressionen\/FahJuni2019_022.jpg\" rel=\"lightbox[fahjun2019]\">Juni 2019<\/a><a title=\"Juni 2019\" class=\"fahjun2019 cboxElement\" style=\"float: left; font-size: 0.8em; margin-right: 1em;\" href=\"http:\/\/www.koenigshof-schuby.de\/Impressionen\/FahJuni2019_023.jpg\" rel=\"lightbox[fahjun2019]\">Juni 2019<\/a><a title=\"Juni 2019\" class=\"fahjun2019 cboxElement\" style=\"float: left; font-size: 0.8em; margin-right: 1em;\" href=\"http:\/\/www.koenigshof-schuby.de\/Impressionen\/FahJuni2019_024.jpg\" rel=\"lightbox[fahjun2019]\">Juni 2019<\/a><a title=\"Juni 2019\" class=\"fahjun2019 cboxElement\" style=\"float: left; font-size: 0.8em; margin-right: 1em;\" href=\"http:\/\/www.koenigshof-schuby.de\/Impressionen\/FahJuni2019_025.jpg\" rel=\"lightbox[fahjun2019]\">Juni 2019<\/a><a title=\"Juni 2019\" class=\"fahjun2019 cboxElement\" style=\"float: left; font-size: 0.8em; margin-right: 1em;\" href=\"http:\/\/www.koenigshof-schuby.de\/Impressionen\/FahJuni2019_026.jpg\" rel=\"lightbox[fahjun2019]\">Juni 2019<\/a><a title=\"Juni 2019\" class=\"fahjun2019 cboxElement\" style=\"float: left; font-size: 0.8em; margin-right: 1em;\" href=\"http:\/\/www.koenigshof-schuby.de\/Impressionen\/FahJuni2019_027.jpg\" rel=\"lightbox[fahjun2019]\">Juni 2019<\/a><a title=\"Juni 2019\" class=\"fahjun2019 cboxElement\" style=\"float: left; font-size: 0.8em; margin-right: 1em;\" href=\"http:\/\/www.koenigshof-schuby.de\/Impressionen\/FahJuni2019_028.jpg\" rel=\"lightbox[fahjun2019]\">Juni 2019<\/a><a title=\"Juni 2019\" class=\"fahjun2019 cboxElement\" style=\"float: left; font-size: 0.8em; margin-right: 1em;\" href=\"http:\/\/www.koenigshof-schuby.de\/Impressionen\/FahJuni2019_029.jpg\" rel=\"lightbox[fahjun2019]\">Juni 2019<\/a><a title=\"Juni 2019\" class=\"fahjun2019 cboxElement\" style=\"float: left; font-size: 0.8em; margin-right: 1em;\" href=\"http:\/\/www.koenigshof-schuby.de\/Impressionen\/FahJuni2019_030.jpg\" rel=\"lightbox[fahjun2019]\">Juni 2019<\/a><\/p>\n","protected":false},"excerpt":{"rendered":"<p>Unsere Premiere: Simi hat sich heute auf das erste Fahrturnier mit K\u00f6nigshofs P\u00fcnktchen gewagt. Er hat so gek\u00e4mpft und nach anf\u00e4nglicher Aufgeregtheit war er voll in seinem Element ! So ein toller Kerl ! Beim *klick* auf das Bild gibt es mehr Fotos. Juni 2019Juni 2019Juni 2019Juni 2019Juni 2019Juni 2019Juni 2019Juni 2019Juni 2019Juni 2019Juni 2019Juni 2019Juni 2019Juni 2019Juni 2019Juni 2019Juni 2019Juni 2019Juni 2019Juni 2019Juni 2019Juni 2019Juni 2019Juni 2019Juni 2019Juni 2019Juni 2019Juni 2019Juni 2019<\/p>\n","protected":false},"author":1,"featured_media":2907,"comment_status":"closed","ping_status":"closed","sticky":false,"template":"","format":"standard","meta":{"footnotes":""},"categories":[1],"tags":[],"class_list":["post-2904","post","type-post","status-publish","format-standard","has-post-thumbnail","hentry","category-uncategorized"],"_links":{"self":[{"href":"https:\/\/koenigshof-schuby.de\/wordpress\/wp-json\/wp\/v2\/posts\/2904","targetHints":{"allow":["GET"]}}],"collection":[{"href":"https:\/\/koenigshof-schuby.de\/wordpress\/wp-json\/wp\/v2\/posts"}],"about":[{"href":"https:\/\/koenigshof-schuby.de\/wordpress\/wp-json\/wp\/v2\/types\/post"}],"author":[{"embeddable":true,"href":"https:\/\/koenigshof-schuby.de\/wordpress\/wp-json\/wp\/v2\/users\/1"}],"replies":[{"embeddable":true,"href":"https:\/\/koenigshof-schuby.de\/wordpress\/wp-json\/wp\/v2\/comments?post=2904"}],"version-history":[{"count":3,"href":"https:\/\/koenigshof-schuby.de\/wordpress\/wp-json\/wp\/v2\/posts\/2904\/revisions"}],"predecessor-version":[{"id":2908,"href":"https:\/\/koenigshof-schuby.de\/wordpress\/wp-json\/wp\/v2\/posts\/2904\/revisions\/2908"}],"wp:featuredmedia":[{"embeddable":true,"href":"https:\/\/koenigshof-schuby.de\/wordpress\/wp-json\/wp\/v2\/media\/2907"}],"wp:attachment":[{"href":"https:\/\/koenigshof-schuby.de\/wordpress\/wp-json\/wp\/v2\/media?parent=2904"}],"wp:term":[{"taxonomy":"category","embeddable":true,"href":"https:\/\/koenigshof-schuby.de\/wordpress\/wp-json\/wp\/v2\/categories?post=2904"},{"taxonomy":"post_tag","embeddable":true,"href":"https:\/\/koenigshof-schuby.de\/wordpress\/wp-json\/wp\/v2\/tags?post=2904"}],"curies":[{"name":"wp","href":"https:\/\/api.w.org\/{rel}","templated":true}]}}